{"tema_id":"13019","string":"Conf\u00e9d\u00e9ration des syndicats chr\u00e9tiens (Belgique). F\u00e9d\u00e9ration (Basse-Meuse)","created":"2026-04-09 18:53:58","code":null}