{"tema_id":"13056","string":"Conf\u00e9d\u00e9ration europ\u00e9enne des anciens combattants. Section belge","created":"2026-04-09 18:53:58","code":null}