{"tema_id":"13071","string":"Conf\u00e9d\u00e9ration fran\u00e7aise d\u00e9mocratique du travail. Congr\u00e8s (36 ; 1973 ; Nantes, France)","created":"2026-04-09 18:53:58","code":null}