{"tema_id":"13081","string":"Conf\u00e9d\u00e9ration francophone des ligues de sant\u00e9 mentale (Belgique)","created":"2026-04-09 18:53:58","code":null}