{"tema_id":"13117","string":"Conf\u00e9d\u00e9ration g\u00e9n\u00e9rale du travail (France). Collectif conf\u00e9d\u00e9ral Travail\/Sant\u00e9","created":"2026-04-09 18:53:58","code":null}