{"tema_id":"13139","string":"Conf\u00e9d\u00e9ration g\u00e9n\u00e9rale du travail (France). Union g\u00e9n\u00e9rale des ing\u00e9nieurs, cadres et techniciens. Congr\u00e8s (3)","created":"2026-04-09 18:53:58","code":null}