{"tema_id":"13184","string":"Conf\u00e9d\u00e9ration nationale des prisonniers politiques et ayants droit (Belgique). Congr\u00e8s (1947)","created":"2026-04-09 18:53:58","code":null}