{"tema_id":"13185","string":"Conf\u00e9d\u00e9ration nationale des prisonniers politiques et ayants droit (Belgique). R\u00e9gionale (Charleroi-Thuin)","created":"2026-04-09 18:53:58","code":null}