{"tema_id":"13188","string":"Conf\u00e9d\u00e9ration nationale des Unions professionnelles des cafetiers, h\u00f4teliers et restaurateurs de Belgique","created":"2026-04-09 18:53:58","code":null}