{"tema_id":"13249","string":"Conf\u00e9rence des ministres europ\u00e9ens charg\u00e9s des affaires culturelles (3 ; 1981 ; Luxembourg)","created":"2026-04-09 18:53:58","code":null}