{"tema_id":"13260","string":"Conf\u00e9rence des pr\u00e9sidents de CPAS de l'agglom\u00e9ration li\u00e9geoise","created":"2026-04-09 18:53:58","code":null}