{"tema_id":"13474","string":"Congr\u00e8s d'unit\u00e9 de mineurs fran\u00e7ais et belges (1933)","created":"2026-04-09 18:53:58","code":null}