{"tema_id":"14715","string":"Cottier, Georges (1922-....)","created":"2026-04-09 18:53:58","code":null,"notes":[{"@type":"Note d'application","@lang":"fr","@value":"Type : Nom de personne\n\nNationalit\u00e9(s) : Suisse\nLangue(s) : fran\u00e7ais\nSexe : masculin\nResponsabilit\u00e9(s) exerc\u00e9e(s) sur les documents : Auteur, participant\nNaissance : 1922-04-25\n\nCardinal (promu en 2003). - Dominicain (\u00e0 partir de 1945). - Th\u00e9ologien de la Maison pontificale (depuis 1989), secr\u00e9taire de la Commission th\u00e9ologique internationale. - Pr\u00e9c\u00e9demment, professeur de philosophie \u00e0 l'Universit\u00e9 de Gen\u00e8ve "}]}