{"tema_id":"18805","string":"\u00c9glise catholique--Relations ext\u00e9rieures--20e si\u00e8cle","created":"2026-04-09 18:53:58","code":null,"notes":[{"@type":"Note d'application","@lang":"fr","@value":"Vedette mati\u00e8re nom commun   . S'emploie en t\u00eate de vedette "}]}