{"tema_id":"18809","string":"\u00c9glise catholique. Conf\u00e9rence des \u00e9v\u00eaques suisses","created":"2026-04-09 18:53:58","code":null,"notes":[{"@type":"Note d'application","@lang":"fr","@value":"Type : Collectivit\u00e9\n\nNation(s) :  Suisse\n Langue(s) :  multilingue\n Responsabilit\u00e9(s) exerc\u00e9e(s) sur les documents :  Auteur\n Naissance :  1975\n\n Adresse :  30 av. Mol\u00e9son, 1700 Fribourg 1 (Suisse) "}]}