{"tema_id":"18811","string":"\u00c9glise catholique. Conf\u00e9rence \u00e9piscopale belge","created":"2026-04-09 18:53:58","code":null}