{"tema_id":"18822","string":"\u00c9glise catholique. D\u00e9l\u00e9gation Belgique-Sud","created":"2026-04-09 18:53:58","code":null}