{"tema_id":"18826","string":"\u00c9glise catholique. Dioc\u00e8se (Li\u00e8ge, Belgique)--Et la Shoah","created":"2026-04-09 18:53:58","code":null}