{"tema_id":"18895","string":"\u00c9glise et soci\u00e9t\u00e9--Moyen \u00e2ge","created":"2026-04-09 18:53:58","code":null}