{"tema_id":"1925","string":"Armes","created":"2026-04-09 18:53:58","code":null,"notes":[{"@type":"Note d'application","@lang":"fr","@value":"S'emploie en t\u00eate de vedette\n\nVoir aussi aux vedettes commen\u00e7ant par le mot Armes, par ex. : Armes \u00e0 feu\n\nVoir aussi la vedette Armes suivie d'un adjectif ethnique, de p\u00e9riodisation, civilisation, religion ou style par ex. : Armes indiennes ; Armes pr\u00e9historiques ; Armes myc\u00e9niennes\n\nVoir aussi la subdivision Collections d'armes aux collectivit\u00e9s (\u00e0 l'exception des types de collectivit\u00e9s) et personnes propri\u00e9taires de collections "}]}