{"tema_id":"19383","string":"Enfants de la deuxi\u00e8me g\u00e9n\u00e9ration","created":"2026-04-09 18:53:58","code":null}