{"tema_id":"19943","string":"Entre-Sambre-et-Meuse (Belgique)","created":"2026-04-09 18:53:58","code":null,"notes":[{"@type":"Note d'application","@lang":"fr","@value":"Type : Nom g\u00e9ographique\n\nVedette mati\u00e8re nom g\u00e9ographique. S'emploie en t\u00eate de vedette ou en subdivision. "}]}