{"tema_id":"21836","string":"Fayt, Ren\u00e9 (1939-....)","created":"2026-04-09 18:53:58","code":null,"notes":[{"@type":"Note d'application","@lang":"fr","@value":"Type : Nom de personne\n\nNationalit\u00e9(s) :  Belgique\n Langue(s) :  fran\u00e7ais\n Responsabilit\u00e9(s) exerc\u00e9e(s) sur les documents :  Auteur\n Naissance :  1939-06-23\n\nBibliographe et essayiste. - Biblioth\u00e9caire \u00e0 l'Universit\u00e9 libre de Bruxelles (en 1995). - Collabore aux revues \"Le Thyrse\", \"Le livre et l'estampe\", la \"Revue de l'Universit\u00e9 de Bruxelles\", etc., administrateur de la revue \"Marginales\" "}]}