{"tema_id":"21850","string":"F\u00e9condit\u00e9 humaine--Aspect religieux--\u00c9glise catholique","created":"2026-04-09 18:53:58","code":null}