{"tema_id":"21869","string":"F\u00e9d\u00e9ralisme--Aspect \u00e9conomique--Belgique","created":"2026-04-09 18:53:58","code":null}