{"tema_id":"21877","string":"F\u00e9d\u00e9ration africaine des syndicats des mineurs et des \u00e9nerg\u00e9ticiens","created":"2026-04-09 18:53:58","code":null}