{"tema_id":"21956","string":"F\u00e9d\u00e9ration des cercles d'arch\u00e9ologie et d'histoire de Belgique","created":"2026-04-09 18:53:58","code":null}