{"tema_id":"21957","string":"F\u00e9d\u00e9ration des cercles d'arch\u00e9ologie et d'histoire de Belgique. Congr\u00e8s (51 ; 1992 ; Li\u00e8ge, Belgique)","created":"2026-04-09 18:53:58","code":null}