{"tema_id":"22009","string":"F\u00e9d\u00e9ration des maisons de la la\u00efcit\u00e9 (Belgique)","created":"2026-04-09 18:53:58","code":null}