{"tema_id":"22042","string":"F\u00e9d\u00e9ration des sinistr\u00e9s des Ardennes (Belgique)","created":"2026-04-09 18:53:58","code":null}