{"tema_id":"22075","string":"F\u00e9d\u00e9ration fran\u00e7aise des travailleurs du livre-CGT","created":"2026-04-09 18:53:58","code":null}