{"tema_id":"22102","string":"F\u00e9d\u00e9ration g\u00e9n\u00e9rale des invalides et handicap\u00e9s de Belgique","created":"2026-04-09 18:53:58","code":null}