{"tema_id":"22107","string":"F\u00e9d\u00e9ration g\u00e9n\u00e9rale du travail de Belgique - Textile, V\u00eatement et Diamant","created":"2026-04-09 18:53:58","code":null}