{"tema_id":"22115","string":"F\u00e9d\u00e9ration g\u00e9n\u00e9rale du travail de Belgique. Comit\u00e9 permanent des r\u00e9gionales wallonnes. Congr\u00e8s (1968)","created":"2026-04-09 18:53:58","code":null}