{"tema_id":"22167","string":"F\u00e9d\u00e9ration g\u00e9n\u00e9rale du travail de Belgique. Interr\u00e9gionale (Bruxelles). Congr\u00e8s (2006)","created":"2026-04-09 18:53:58","code":null}