{"tema_id":"22181","string":"F\u00e9d\u00e9ration g\u00e9n\u00e9rale du travail de Belgique. Interr\u00e9gionale wallonne. Congr\u00e8s (2014, Li\u00e8ge, Belgique)","created":"2026-04-09 18:53:58","code":null}