{"tema_id":"22188","string":"F\u00e9d\u00e9ration g\u00e9n\u00e9rale du travail de Belgique. R\u00e9gionale (Bruxelles-Hal-Vilvorde). Congr\u00e8s (1977)","created":"2026-04-09 18:53:58","code":null}