{"tema_id":"22212","string":"F\u00e9d\u00e9ration g\u00e9n\u00e9rale du travail de Belgique. R\u00e9gionale (Li\u00e8ge-Huy-Waremme). Comit\u00e9 des travailleurs sans emploi","created":"2026-04-09 18:53:58","code":null}