{"tema_id":"22270","string":"F\u00e9d\u00e9ration internationale des employ\u00e9s, techniciens et cadres","created":"2026-04-09 18:53:58","code":null}