{"tema_id":"22271","string":"F\u00e9d\u00e9ration internationale des employ\u00e9s, techniciens et cadres. Congr\u00e8s (23 ; 1995 ; Vienne)","created":"2026-04-09 18:53:58","code":null}