{"tema_id":"22317","string":"F\u00e9d\u00e9ration li\u00e9geoise des \u00e9tudiants communistes","created":"2026-04-09 18:53:58","code":null}