{"tema_id":"22328","string":"F\u00e9d\u00e9ration mondiale de la jeunesse d\u00e9mocratique. Comit\u00e9 ex\u00e9cutif","created":"2026-04-09 18:53:58","code":null}