{"tema_id":"2690","string":"Asturies (Espagne)--1934 (R\u00e9volution)","created":"2026-04-09 18:53:58","code":null,"notes":[{"@type":"Note d'application","@lang":"fr","@value":"Type : Nom g\u00e9ographique\n\nVedette mati\u00e8re nom g\u00e9ographique. S'emploie en t\u00eate de vedette.  \n\nOct. 1934 : soul\u00e8vement des mineurs, r\u00e9prim\u00e9 par le g\u00e9n\u00e9ral Franco "}]}