{"tema_id":"27531","string":"Comit\u00e9 belge pour la lib\u00e9ration du g\u00e9n\u00e9ral Liber Seregni (Bruxelles)","created":"2026-04-09 20:09:08","code":null}