{"tema_id":"27536","string":"Comit\u00e9 d'action et de d\u00e9fense des intern\u00e9s et prisonniers (Bruxelles)","created":"2026-04-09 20:09:08","code":null}