{"tema_id":"27537","string":"Comit\u00e9 d'action f\u00e9minine (Qui\u00e9vrain, Belgique)","created":"2026-04-09 20:09:08","code":null}