{"tema_id":"27540","string":"Comit\u00e9 de coordination des lyc\u00e9ens li\u00e9geois","created":"2026-04-09 20:09:08","code":null}