{"tema_id":"27585","string":"Comit\u00e9 pour la d\u00e9fense des droits d\u00e9mocratiques et syndicaux (Belgique)","created":"2026-04-09 20:09:08","code":null}