{"tema_id":"27591","string":"Comit\u00e9 r\u00e9gional li\u00e9geois d'action commune (Belgique)","created":"2026-04-09 20:09:08","code":null}