{"tema_id":"27867","string":"Conf\u00e9d\u00e9ration des syndicats chr\u00e9tiens (Belgique). F\u00e9d\u00e9ration (Charleroi-Entre-Sambre-et-Meuse-Thuin)","created":"2026-04-09 20:09:08","code":null}